{"id":206,"date":"2019-04-08T21:32:49","date_gmt":"2019-04-08T21:32:49","guid":{"rendered":"https:\/\/www.jusreise.de\/?p=206"},"modified":"2019-04-10T10:01:54","modified_gmt":"2019-04-10T10:01:54","slug":"ankunft-in-bukarest","status":"publish","type":"post","link":"https:\/\/www.jusreise.de\/index.php\/2019\/04\/08\/ankunft-in-bukarest\/","title":{"rendered":"Ankunft in Bukarest"},"content":{"rendered":"\n<p>Der Zugbegleiter vom \u00f6sterreichischen Nachtzug kann weder englisch noch deutsch, er bittet einen Mitreisenden mir nochmal zu \u00fcbersetzen, was ich eigentlich schon verstanden habe: normalerweise ist meine Kabine f\u00fcr mehrere Personen vorgesehen und ich soll immer alle drei Schl\u00f6sser verschlie\u00dfen. <\/p>\n\n\n\n<figure class=\"wp-block-image\"><img loading=\"lazy\" decoding=\"async\" width=\"1024\" height=\"768\" src=\"https:\/\/www.jusreise.de\/wp-content\/uploads\/2019\/04\/31CD2291-C664-4EC3-9082-8038AD1C74B3-1024x768.jpeg\" alt=\"\" class=\"wp-image-207\" srcset=\"https:\/\/www.jusreise.de\/wp-content\/uploads\/2019\/04\/31CD2291-C664-4EC3-9082-8038AD1C74B3-1024x768.jpeg 1024w, https:\/\/www.jusreise.de\/wp-content\/uploads\/2019\/04\/31CD2291-C664-4EC3-9082-8038AD1C74B3-300x225.jpeg 300w, https:\/\/www.jusreise.de\/wp-content\/uploads\/2019\/04\/31CD2291-C664-4EC3-9082-8038AD1C74B3-768x576.jpeg 768w, https:\/\/www.jusreise.de\/wp-content\/uploads\/2019\/04\/31CD2291-C664-4EC3-9082-8038AD1C74B3-2000x1500.jpeg 2000w, https:\/\/www.jusreise.de\/wp-content\/uploads\/2019\/04\/31CD2291-C664-4EC3-9082-8038AD1C74B3-192x144.jpeg 192w\" sizes=\"auto, (max-width: 1024px) 100vw, 1024px\" \/><\/figure>\n\n\n\n<p>Mein Interrail-Ticket wird eingezogen, ich erhalte es sp\u00e4ter in Brasov (Rum\u00e4nien) wieder. W\u00e4hrend der Fahrt rumpelt und knarrt es \u00fcberall. Als wir Budapest um 22.20 Uhr erreichen, gehe ich gerade schlafen. Um halb vier (neue Zeit) klopfen und rufen an der ungarisch-rum\u00e4nischen Grenze die Grenzbeamten. Schlaftrunken \u00f6ffne ich die T\u00fcr und bekomme sofort eine Taschenlampe ins Gesicht gehalten. Trotz extrem lauter Rufe nach \u201ePassport\u201c&nbsp; \u00f6ffnet mein englisch sprechender Nachbar erst nach 10 Minuten die T\u00fcr und entschuldigt sich anschlie\u00dfend mit dem Verweis auf Diebe.&nbsp;<\/p>\n\n\n\n<p>Nach den Kontrollen genie\u00dfe ich eine lange, stille Fahrt durch rum\u00e4nische D\u00f6rfer. Um 11 Uhr erwache ich und trinke einen starken Kaffee im Bordrestaurant (wir einigen uns auf 1,50 Euro). <\/p>\n\n\n\n<figure class=\"wp-block-image\"><img loading=\"lazy\" decoding=\"async\" width=\"1024\" height=\"768\" src=\"https:\/\/www.jusreise.de\/wp-content\/uploads\/2019\/04\/84BC9FC7-4542-45EF-B5CB-E98F1DD478E1-1024x768.jpeg\" alt=\"\" class=\"wp-image-214\" srcset=\"https:\/\/www.jusreise.de\/wp-content\/uploads\/2019\/04\/84BC9FC7-4542-45EF-B5CB-E98F1DD478E1-1024x768.jpeg 1024w, https:\/\/www.jusreise.de\/wp-content\/uploads\/2019\/04\/84BC9FC7-4542-45EF-B5CB-E98F1DD478E1-300x225.jpeg 300w, https:\/\/www.jusreise.de\/wp-content\/uploads\/2019\/04\/84BC9FC7-4542-45EF-B5CB-E98F1DD478E1-768x576.jpeg 768w, https:\/\/www.jusreise.de\/wp-content\/uploads\/2019\/04\/84BC9FC7-4542-45EF-B5CB-E98F1DD478E1-2000x1500.jpeg 2000w, https:\/\/www.jusreise.de\/wp-content\/uploads\/2019\/04\/84BC9FC7-4542-45EF-B5CB-E98F1DD478E1-192x144.jpeg 192w\" sizes=\"auto, (max-width: 1024px) 100vw, 1024px\" \/><\/figure>\n\n\n\n<p>Der Zug ist etwas runtergekommen, aber es gibt alles was es f\u00fcr eine lange Fahrt braucht.<\/p>\n\n\n\n<figure class=\"wp-block-image\"><img loading=\"lazy\" decoding=\"async\" width=\"1024\" height=\"768\" src=\"https:\/\/www.jusreise.de\/wp-content\/uploads\/2019\/04\/DA99E019-6E0B-4375-A4AA-6CA262B066E6-1024x768.jpeg\" alt=\"\" class=\"wp-image-208\" srcset=\"https:\/\/www.jusreise.de\/wp-content\/uploads\/2019\/04\/DA99E019-6E0B-4375-A4AA-6CA262B066E6-1024x768.jpeg 1024w, https:\/\/www.jusreise.de\/wp-content\/uploads\/2019\/04\/DA99E019-6E0B-4375-A4AA-6CA262B066E6-300x225.jpeg 300w, https:\/\/www.jusreise.de\/wp-content\/uploads\/2019\/04\/DA99E019-6E0B-4375-A4AA-6CA262B066E6-768x576.jpeg 768w, https:\/\/www.jusreise.de\/wp-content\/uploads\/2019\/04\/DA99E019-6E0B-4375-A4AA-6CA262B066E6-2000x1500.jpeg 2000w, https:\/\/www.jusreise.de\/wp-content\/uploads\/2019\/04\/DA99E019-6E0B-4375-A4AA-6CA262B066E6-192x144.jpeg 192w\" sizes=\"auto, (max-width: 1024px) 100vw, 1024px\" \/><figcaption>Waschgelegenheit mit Hygieneartikeln und eine kleine Flasche Wasser<\/figcaption><\/figure>\n\n\n\n<figure class=\"wp-block-image\"><img loading=\"lazy\" decoding=\"async\" width=\"1024\" height=\"768\" src=\"https:\/\/www.jusreise.de\/wp-content\/uploads\/2019\/04\/B7B345B1-0318-4F64-8856-6FCB4244471A-1024x768.jpeg\" alt=\"\" class=\"wp-image-210\" srcset=\"https:\/\/www.jusreise.de\/wp-content\/uploads\/2019\/04\/B7B345B1-0318-4F64-8856-6FCB4244471A-1024x768.jpeg 1024w, https:\/\/www.jusreise.de\/wp-content\/uploads\/2019\/04\/B7B345B1-0318-4F64-8856-6FCB4244471A-300x225.jpeg 300w, https:\/\/www.jusreise.de\/wp-content\/uploads\/2019\/04\/B7B345B1-0318-4F64-8856-6FCB4244471A-768x576.jpeg 768w, https:\/\/www.jusreise.de\/wp-content\/uploads\/2019\/04\/B7B345B1-0318-4F64-8856-6FCB4244471A-2000x1500.jpeg 2000w, https:\/\/www.jusreise.de\/wp-content\/uploads\/2019\/04\/B7B345B1-0318-4F64-8856-6FCB4244471A-192x144.jpeg 192w\" sizes=\"auto, (max-width: 1024px) 100vw, 1024px\" \/><figcaption>?<\/figcaption><\/figure>\n\n\n\n<p>Die Fahrt geht durch Siebenb\u00fcrgen, dann vorbei an hohen, schneebedeckten Bergen. Um 17.15 Uhr erreiche ich Gara Nord.&nbsp;<\/p>\n\n\n\n<figure class=\"wp-block-image\"><img loading=\"lazy\" decoding=\"async\" width=\"1024\" height=\"768\" src=\"https:\/\/www.jusreise.de\/wp-content\/uploads\/2019\/04\/82FFA54E-D54F-4C09-9BA9-9756D4D126EE-1024x768.jpeg\" alt=\"\" class=\"wp-image-211\" srcset=\"https:\/\/www.jusreise.de\/wp-content\/uploads\/2019\/04\/82FFA54E-D54F-4C09-9BA9-9756D4D126EE-1024x768.jpeg 1024w, https:\/\/www.jusreise.de\/wp-content\/uploads\/2019\/04\/82FFA54E-D54F-4C09-9BA9-9756D4D126EE-300x225.jpeg 300w, https:\/\/www.jusreise.de\/wp-content\/uploads\/2019\/04\/82FFA54E-D54F-4C09-9BA9-9756D4D126EE-768x576.jpeg 768w, https:\/\/www.jusreise.de\/wp-content\/uploads\/2019\/04\/82FFA54E-D54F-4C09-9BA9-9756D4D126EE-2000x1500.jpeg 2000w, https:\/\/www.jusreise.de\/wp-content\/uploads\/2019\/04\/82FFA54E-D54F-4C09-9BA9-9756D4D126EE-192x144.jpeg 192w\" sizes=\"auto, (max-width: 1024px) 100vw, 1024px\" \/><\/figure>\n\n\n\n<p>Alex, den ich \u00fcber warmshowers kennengelernt habe, holt mich ab und navigiert mich zur nahen Unterkunft. Wir starten unmittelbar zu einer Stadtrunde, gehen durch das Regierungs- und Universit\u00e4tsviertel, alles entlang an vier- bzw. sechsspurigen Stra\u00dfen. Die Fu\u00dfwege haben gro\u00dfe Schlagl\u00f6cher und die Geldscheine sind aus Plastik. Alex erz\u00e4hlt mir vom (\u00dcber)leben als Radfahrender in Bukarest, von den Demonstrationen gegen die Regierung im August 2018, von seinen Erlebnissen auf Radtouren in Armenien, Serbien und Montenegro. <\/p>\n\n\n\n<figure class=\"wp-block-image\"><img loading=\"lazy\" decoding=\"async\" width=\"1024\" height=\"768\" src=\"https:\/\/www.jusreise.de\/wp-content\/uploads\/2019\/04\/B7ABF746-1BB9-4CFC-9145-093E0A6A1F4C-1024x768.jpeg\" alt=\"\" class=\"wp-image-212\" srcset=\"https:\/\/www.jusreise.de\/wp-content\/uploads\/2019\/04\/B7ABF746-1BB9-4CFC-9145-093E0A6A1F4C-1024x768.jpeg 1024w, https:\/\/www.jusreise.de\/wp-content\/uploads\/2019\/04\/B7ABF746-1BB9-4CFC-9145-093E0A6A1F4C-300x225.jpeg 300w, https:\/\/www.jusreise.de\/wp-content\/uploads\/2019\/04\/B7ABF746-1BB9-4CFC-9145-093E0A6A1F4C-768x576.jpeg 768w, https:\/\/www.jusreise.de\/wp-content\/uploads\/2019\/04\/B7ABF746-1BB9-4CFC-9145-093E0A6A1F4C-2000x1500.jpeg 2000w, https:\/\/www.jusreise.de\/wp-content\/uploads\/2019\/04\/B7ABF746-1BB9-4CFC-9145-093E0A6A1F4C-192x144.jpeg 192w\" sizes=\"auto, (max-width: 1024px) 100vw, 1024px\" \/><figcaption>Der erste und einzige Fahrradweg in Bukarest, 2 km lang<\/figcaption><\/figure>\n\n\n\n<p>Im Altstadtviertel trinken wir Bier und ich esse noch eine leckere Forelle mit Gem\u00fcse (andere Beilage gibt es nicht dazu).&nbsp;<\/p>\n\n\n\n<figure class=\"wp-block-image\"><img loading=\"lazy\" decoding=\"async\" width=\"1024\" height=\"768\" src=\"https:\/\/www.jusreise.de\/wp-content\/uploads\/2019\/04\/EF183630-8C3D-4D08-AA13-5DFECF87711D-1024x768.jpeg\" alt=\"\" class=\"wp-image-215\" srcset=\"https:\/\/www.jusreise.de\/wp-content\/uploads\/2019\/04\/EF183630-8C3D-4D08-AA13-5DFECF87711D-1024x768.jpeg 1024w, https:\/\/www.jusreise.de\/wp-content\/uploads\/2019\/04\/EF183630-8C3D-4D08-AA13-5DFECF87711D-300x225.jpeg 300w, https:\/\/www.jusreise.de\/wp-content\/uploads\/2019\/04\/EF183630-8C3D-4D08-AA13-5DFECF87711D-768x576.jpeg 768w, https:\/\/www.jusreise.de\/wp-content\/uploads\/2019\/04\/EF183630-8C3D-4D08-AA13-5DFECF87711D-2000x1500.jpeg 2000w, https:\/\/www.jusreise.de\/wp-content\/uploads\/2019\/04\/EF183630-8C3D-4D08-AA13-5DFECF87711D-192x144.jpeg 192w\" sizes=\"auto, (max-width: 1024px) 100vw, 1024px\" \/><\/figure>\n\n\n\n<p>Morgen werde ich noch ein bisschen weiter Bukarest erkunden, bevor es am Donnerstag Mittag nach Sofia weitergeht.&nbsp;<br><\/p>\n","protected":false},"excerpt":{"rendered":"<p>Der Zugbegleiter vom \u00f6sterreichischen Nachtzug kann weder englisch noch deutsch, er bittet einen Mitreisenden mir nochmal zu \u00fcbersetzen, was ich eigentlich schon verstanden habe: normalerweise ist meine Kabine f\u00fcr mehrere Personen vorgesehen und ich soll immer alle drei Schl\u00f6sser verschlie\u00dfen. Mein Interrail-Ticket wird eingezogen, ich erhalte es sp\u00e4ter in Brasov (Rum\u00e4nien) wieder. W\u00e4hrend der Fahrt &hellip; <a href=\"https:\/\/www.jusreise.de\/index.php\/2019\/04\/08\/ankunft-in-bukarest\/\" class=\"more-link\"><span class=\"screen-reader-text\">Ankunft in Bukarest<\/span> weiterlesen<\/a><\/p>\n","protected":false},"author":2,"featured_media":217,"comment_status":"open","ping_status":"closed","sticky":false,"template":"","format":"standard","meta":{"footnotes":""},"categories":[1],"tags":[],"class_list":["post-206","post","type-post","status-publish","format-standard","has-post-thumbnail","hentry","category-uncategorized"],"_links":{"self":[{"href":"https:\/\/www.jusreise.de\/index.php\/wp-json\/wp\/v2\/posts\/206","targetHints":{"allow":["GET"]}}],"collection":[{"href":"https:\/\/www.jusreise.de\/index.php\/wp-json\/wp\/v2\/posts"}],"about":[{"href":"https:\/\/www.jusreise.de\/index.php\/wp-json\/wp\/v2\/types\/post"}],"author":[{"embeddable":true,"href":"https:\/\/www.jusreise.de\/index.php\/wp-json\/wp\/v2\/users\/2"}],"replies":[{"embeddable":true,"href":"https:\/\/www.jusreise.de\/index.php\/wp-json\/wp\/v2\/comments?post=206"}],"version-history":[{"count":4,"href":"https:\/\/www.jusreise.de\/index.php\/wp-json\/wp\/v2\/posts\/206\/revisions"}],"predecessor-version":[{"id":247,"href":"https:\/\/www.jusreise.de\/index.php\/wp-json\/wp\/v2\/posts\/206\/revisions\/247"}],"wp:featuredmedia":[{"embeddable":true,"href":"https:\/\/www.jusreise.de\/index.php\/wp-json\/wp\/v2\/media\/217"}],"wp:attachment":[{"href":"https:\/\/www.jusreise.de\/index.php\/wp-json\/wp\/v2\/media?parent=206"}],"wp:term":[{"taxonomy":"category","embeddable":true,"href":"https:\/\/www.jusreise.de\/index.php\/wp-json\/wp\/v2\/categories?post=206"},{"taxonomy":"post_tag","embeddable":true,"href":"https:\/\/www.jusreise.de\/index.php\/wp-json\/wp\/v2\/tags?post=206"}],"curies":[{"name":"wp","href":"https:\/\/api.w.org\/{rel}","templated":true}]}}